{"id":224,"date":"2021-06-04T08:24:27","date_gmt":"2021-06-04T08:24:27","guid":{"rendered":"https:\/\/www.fahrrad-und-bike.de\/?p=224"},"modified":"2021-06-04T08:24:27","modified_gmt":"2021-06-04T08:24:27","slug":"ballade-dans-les-cevennes-decouvrez-le-cirque-de-navacelles-et-ses-jolis-villages","status":"publish","type":"post","link":"https:\/\/www.fahrrad-und-bike.de\/fr\/ballade-dans-les-cevennes-decouvrez-le-cirque-de-navacelles-et-ses-jolis-villages\/","title":{"rendered":"Ballade dans les C\u00e9vennes : d\u00e9couvrez le cirque de Navacelles et ses jolis villages !"},"content":{"rendered":"<p>Entre Larzac qui est au Nord ainsi que Blandas et Campestre au Sud se creuse un sillon de verdure que tout le monde appelle le cirque de Navacelles. Avant, ils l\u2019ont surnomm\u00e9 le Richer de la Vierge ou l\u2019hu\u00eetre \u00e0 cause de sa forme oblongue. Toutes ces offres sont donn\u00e9es aux visiteurs qui vont \u00eatre \u00e9bahi surtout au d\u00e9paysement insoup\u00e7onnable et vertigineux.<\/p>\n<h2>Les belv\u00e9d\u00e8res de Blandas<\/h2>\n<p>Pour une <strong>ballade dans les C\u00e9vennes en v\u00e9lo<\/strong>, les belv\u00e9d\u00e8res qui se situe \u00e0 3 minutes du village de Blandas. Le Cirque de Navacelles pourra vous offrir trois points tr\u00e8s imprenables. Il y a la maison du Grand Site qui est faite en pierre du pays fran\u00e7ais, elle abrite toutes les informations sur les touristes, un espace sur le mus\u00e9e ainsi que des films qui repr\u00e9sentent toutes les d\u00e9couvertes arch\u00e9ologiques. Vous y trouverez des boutiques des produits terroirs ainsi que un beau restaurant pour d\u00e9guster des plats d\u00e9licieux. Ils proposent aussi de la supervision dans le domaine de la g\u00e9omorphologie qui instaure un dialogue entre la Terre et les Hommes. Si vous emmenez toute la famille en voiture, vous aurez acc\u00e8s au parking du cirque. Chaque mois d\u2019Ao\u00fbt, de 16h \u00e0 18h tous les mardis et jeudis. Faites votre r\u00e9servation.\u00a0\u00c0 la moiti\u00e9 du mois de Juillet, des navettes seront gratuits pour vous servir.<\/p>\n<h2>Le cirque qui fera resurgit la vis et les moulins<\/h2>\n<p>La vis qui est une rivi\u00e8re en bonne \u00e9tat lab\u00e9lis\u00e9e par l\u2019agence de l\u2019eau sera aussi un bon endroit pour une <strong>ballade dans les C\u00e9vennes en v\u00e9lo<\/strong>. Elle prend sa source dans le col des Temp\u00eates qui est dans le massif du Lingas. Elle parte vers le plateau calcaire et creuse un canyon de 27 kilom\u00e8tre. Elle perde son cours apr\u00e8s le village d\u2019Alzon et ressurgie spectaculairement dans l\u2019amont du Cirque de Navacelles. Cela signifie la r\u00e9surgence de la Vis. Elle a \u00e9t\u00e9 trop t\u00f4t utilis\u00e9e par l\u2019Homme alors que la condition exige la pr\u00e9sence du moulin en 1907 avant son utilisation. Ce dernier a \u00e9t\u00e9 r\u00e9novai apr\u00e8s son cessation de fonctionnement d\u00fb aux dommages des terribles crues. Cette r\u00e9apparition m\u00e9rite une visite des touristes. Une belle place agr\u00e9able avec plein de fraicheur surtout pendant les printemps.<\/p>\n<h2>Le hameau et la cascade de Navacelles<\/h2>\n<p>Pour une autre belle <strong>balade dans les C\u00e9vennes en v\u00e9lo<\/strong>, le hameau est aussi une autre proposition. Elle se trouve dans le c\u0153ur du cirque de Navacelles. Une pause de rafraichissement sera m\u00e9rit\u00e9e dans l\u2019Auberge de la cascade ou la cascade m\u00eame. Il dispose de plusieurs endroits merveilleux tels que des restaurants et h\u00e9bergements. Les boutiques de diff\u00e9rents types de min\u00e9raux vous accueilleront \u00e0 bras ouvert. Vous y apporterez des beaux souvenirs chez vous car l\u2019arr\u00eat dans cette belle place est in\u00e9vitable. C\u2019est aussi un point de d\u00e9part pour une randonn\u00e9e afin de rejoindre la vis et les moulins. La cascade aliment\u00e9e par le Vis est aussi attrayant pour les touristes. Elle mesure 8 m\u00e8tres pour une baignade dans l\u2019eau claire. Faites attention \u00e0 la temp\u00e9rature qui est plut\u00f4t froide. Sauf pour la p\u00e9riode chaude qui est id\u00e9al et abondant de visiteurs.<\/p>\n","protected":false},"excerpt":{"rendered":"<p>Entre Larzac qui est au Nord ainsi que Blandas et Campestre au Sud se creuse un sillon de verdure que tout le monde appelle le cirque de Navacelles. Avant, ils l\u2019ont surnomm\u00e9 le Richer de la Vierge ou l\u2019hu\u00eetre \u00e0&#8230;<\/p>\n","protected":false},"author":1,"featured_media":0,"comment_status":"closed","ping_status":"closed","sticky":false,"template":"","format":"standard","meta":{"footnotes":""},"categories":[10],"tags":[],"class_list":["post-224","post","type-post","status-publish","format-standard","hentry","category-voyage-a-velo"],"_aioseop_title":"","_aioseop_description":"","_links":{"self":[{"href":"https:\/\/www.fahrrad-und-bike.de\/fr\/wp-json\/wp\/v2\/posts\/224","targetHints":{"allow":["GET"]}}],"collection":[{"href":"https:\/\/www.fahrrad-und-bike.de\/fr\/wp-json\/wp\/v2\/posts"}],"about":[{"href":"https:\/\/www.fahrrad-und-bike.de\/fr\/wp-json\/wp\/v2\/types\/post"}],"author":[{"embeddable":true,"href":"https:\/\/www.fahrrad-und-bike.de\/fr\/wp-json\/wp\/v2\/users\/1"}],"replies":[{"embeddable":true,"href":"https:\/\/www.fahrrad-und-bike.de\/fr\/wp-json\/wp\/v2\/comments?post=224"}],"version-history":[{"count":1,"href":"https:\/\/www.fahrrad-und-bike.de\/fr\/wp-json\/wp\/v2\/posts\/224\/revisions"}],"predecessor-version":[{"id":225,"href":"https:\/\/www.fahrrad-und-bike.de\/fr\/wp-json\/wp\/v2\/posts\/224\/revisions\/225"}],"wp:attachment":[{"href":"https:\/\/www.fahrrad-und-bike.de\/fr\/wp-json\/wp\/v2\/media?parent=224"}],"wp:term":[{"taxonomy":"category","embeddable":true,"href":"https:\/\/www.fahrrad-und-bike.de\/fr\/wp-json\/wp\/v2\/categories?post=224"},{"taxonomy":"post_tag","embeddable":true,"href":"https:\/\/www.fahrrad-und-bike.de\/fr\/wp-json\/wp\/v2\/tags?post=224"}],"curies":[{"name":"wp","href":"https:\/\/api.w.org\/{rel}","templated":true}]}}